{"id":929,"date":"2025-09-15T10:11:40","date_gmt":"2025-09-15T15:11:40","guid":{"rendered":"https:\/\/www.societeartistiquedecharlesbourg.com\/?p=929"},"modified":"2025-09-15T10:11:46","modified_gmt":"2025-09-15T15:11:46","slug":"deux-nouvelles-expositions-a-la-sac-et-journees-de-la-culture","status":"publish","type":"post","link":"https:\/\/www.societeartistiquedecharlesbourg.com\/?p=929","title":{"rendered":"Deux nouvelles expositions \u00e0 la SAC et Journ\u00e9es de la Culture"},"content":{"rendered":"\n<p><strong>\u00ab&nbsp;Chats et Volatiles&nbsp;\u00bb.<\/strong><\/p>\n\n\n\n<p>\u00c0 la Galerie d\u2019art du Trait-Carr\u00e9, 7985 rue du Trait-Carr\u00e9 Est, Qu\u00e9bec on pr\u00e9sente l\u2019exposition \u00ab&nbsp;Chats et volatiles des artistes Chanh Trung Truong et Senrin.<\/p>\n\n\n\n<p>Une occasion d\u2019admirer les \u0153uvres r\u00e9centes d\u2019encre dur papier de Chanh Trung Truong, ainsi que les sculptures de Senrin.<\/p>\n\n\n\n<p>C\u2019est aussi une occasion de rencontrer ces artistes et de voir ces \u0153uvres empreintes de simplicit\u00e9 et de v\u00e9rit\u00e9.<\/p>\n\n\n\n<p>La Galerie d\u2019art du Trait-Carr\u00e9, accueille les visiteurs les samedis et dimanches de 13h \u00e0 17h du 20 septembre au 5 octobre alors que le vernissage aura lieu le vendredi 19 septembre \u00e0 compter de 17h<\/p>\n\n\n\n<p>Pour information : 418-623-1877<\/p>\n\n\n\n<p>Source : Jacques Pelletier<\/p>\n\n\n\n<p>Directeur de la galerie<\/p>\n\n\n\n<p>T\u00e9l. (418) 998-7586<\/p>\n\n\n\n<p><\/p>\n\n\n\n<p><strong><em>\u00ab Gestes et Mati\u00e8re&nbsp;\u00bb<\/em><\/strong><\/p>\n\n\n\n<p>\u00c0 la Galerie d\u2019art Magella-Paradis, 7970, rue du Trait-Carr\u00e9 Est, Qu\u00e9bec on met \u00e0 l\u2019affiche du 19 septembre au 5 octobre l\u2019exposition, <strong><em>\u00ab Gestes et Mati\u00e8re&nbsp;\u00bb <\/em><\/strong>de l\u2019artiste Francine Audet.<\/p>\n\n\n\n<p>On peut y admirer une vingtaine d\u2019\u0153uvres acryliques, r\u00e9solument expressives, mettent nettement l\u2019emphase sur la composition.<\/p>\n\n\n\n<p>L\u2019artiste les con\u00e7oit comme un moyen d\u2019ouverture, \u00e0 la fois, de la pens\u00e9e, du temps et de l\u2019espace. Une mani\u00e8re de d\u00e9voiler du sens par le surgissement de totalit\u00e9s complexes. Pour Francine Audet, le tableau n\u2019est pas la repr\u00e9sentation de l\u2019\u00e9v\u00e8nement, il est l\u2019\u00e9v\u00e8nement. Et cet \u00e9v\u00e8nement se manifeste essentiellement par l&rsquo;agissement du geste, expression de son \u00e9nergie vitale, dans une mati\u00e8re color\u00e9e souple et mall\u00e9able.<\/p>\n\n\n\n<p>Vous pourrez rencontrer l\u2019artiste tous les samedis et dimanches de 13 h \u00e0 17h du 20 septembre au 5 octobre 2025 et le vernissage aura lieu le 20 septembre \u00e0 compter de 13h. L\u2019exposition sera aussi ouverte le vendredi 19 septembre de 19h \u00e0 21h.<\/p>\n\n\n\n<p><br>Pour information&nbsp;: 418-624-7961, 418-623-1877.<\/p>\n\n\n\n<p><strong>Journ\u00e9es de la Culture aux Galeries Magella-Paradis et Trait-Carr\u00e9&nbsp;&nbsp;<\/strong><\/p>\n\n\n\n<p>Dans le cadre des Journ\u00e9es de la Culture, le 27 et le 28 septembre, de 13h \u00e0 17h, Les artistes en exposition dans nos deux galeries rencontreront le public et feront d\u00e9couvrir leur travail et leur technique.<\/p>\n\n\n\n<p>\u00c9galement, quelques artistes d\u00e9montreront diff\u00e9rentes techniques \u00e0 l\u2019\u00e9tage de la Galerie Magella-Paradis, notamment peinture \u00e0 l\u2019huile, \u00e0 l\u2019acrylique, pastel, aquarelle et sculpture<\/p>\n\n\n\n<p>Pour information&nbsp;: 418-624-7961, 418-623-1877<\/p>\n","protected":false},"excerpt":{"rendered":"<p>\u00ab&nbsp;Chats et Volatiles&nbsp;\u00bb. \u00c0 la Galerie d\u2019art du Trait-Carr\u00e9, 7985 rue du Trait-Carr\u00e9 Est, Qu\u00e9bec on pr\u00e9sente l\u2019exposition \u00ab&nbsp;Chats et volatiles des artistes Chanh Trung Truong et Senrin. Une occasion d\u2019admirer les \u0153uvres r\u00e9centes d\u2019encre dur papier de Chanh Trung Truong, ainsi que les sculptures de Senrin. C\u2019est aussi une occasion de rencontrer ces artistes&hellip;<\/p>\n","protected":false},"author":2,"featured_media":0,"comment_status":"closed","ping_status":"closed","sticky":false,"template":"","format":"standard","meta":{"footnotes":""},"categories":[1],"tags":[],"class_list":["post-929","post","type-post","status-publish","format-standard","hentry","category-communique","category-1","description-off"],"_links":{"self":[{"href":"https:\/\/www.societeartistiquedecharlesbourg.com\/index.php?rest_route=\/wp\/v2\/posts\/929","targetHints":{"allow":["GET"]}}],"collection":[{"href":"https:\/\/www.societeartistiquedecharlesbourg.com\/index.php?rest_route=\/wp\/v2\/posts"}],"about":[{"href":"https:\/\/www.societeartistiquedecharlesbourg.com\/index.php?rest_route=\/wp\/v2\/types\/post"}],"author":[{"embeddable":true,"href":"https:\/\/www.societeartistiquedecharlesbourg.com\/index.php?rest_route=\/wp\/v2\/users\/2"}],"replies":[{"embeddable":true,"href":"https:\/\/www.societeartistiquedecharlesbourg.com\/index.php?rest_route=%2Fwp%2Fv2%2Fcomments&post=929"}],"version-history":[{"count":1,"href":"https:\/\/www.societeartistiquedecharlesbourg.com\/index.php?rest_route=\/wp\/v2\/posts\/929\/revisions"}],"predecessor-version":[{"id":930,"href":"https:\/\/www.societeartistiquedecharlesbourg.com\/index.php?rest_route=\/wp\/v2\/posts\/929\/revisions\/930"}],"wp:attachment":[{"href":"https:\/\/www.societeartistiquedecharlesbourg.com\/index.php?rest_route=%2Fwp%2Fv2%2Fmedia&parent=929"}],"wp:term":[{"taxonomy":"category","embeddable":true,"href":"https:\/\/www.societeartistiquedecharlesbourg.com\/index.php?rest_route=%2Fwp%2Fv2%2Fcategories&post=929"},{"taxonomy":"post_tag","embeddable":true,"href":"https:\/\/www.societeartistiquedecharlesbourg.com\/index.php?rest_route=%2Fwp%2Fv2%2Ftags&post=929"}],"curies":[{"name":"wp","href":"https:\/\/api.w.org\/{rel}","templated":true}]}}