{"id":832,"date":"2024-06-03T08:48:14","date_gmt":"2024-06-03T13:48:14","guid":{"rendered":"http:\/\/www.societeartistiquedecharlesbourg.com\/?p=832"},"modified":"2024-06-03T08:48:14","modified_gmt":"2024-06-03T13:48:14","slug":"rappels-importants-concernant-lassemblee-generale-du-5-juin-2024-et-la-recherche-de-participants-pour-des-activites-estivales-de-la-societe","status":"publish","type":"post","link":"https:\/\/www.societeartistiquedecharlesbourg.com\/?p=832","title":{"rendered":"Rappels importants: concernant l&rsquo;Assembl\u00e9e g\u00e9n\u00e9rale du 5 juin 2024 et la recherche de participants pour des activit\u00e9s estivales de la Soci\u00e9t\u00e9"},"content":{"rendered":"<p style=\"text-align: center;\" data-pm-slice=\"1 1 []\"><strong>Rappel pour l\u2019Assembl\u00e9e g\u00e9n\u00e9rale annuelle<\/strong><\/p>\n<p style=\"text-align: center;\"><strong>de la<\/strong><\/p>\n<p style=\"text-align: center;\"><strong>Soci\u00e9t\u00e9 artistique de Charlesbourg<\/strong><\/p>\n<p style=\"text-align: center;\"><strong>5 juin 2024<\/strong><\/p>\n<p>&nbsp;<\/p>\n<p>Le Conseil d\u2019administration de la Soci\u00e9t\u00e9 artistique de Charlesbourg rappelle \u00e0 ses membres en r\u00e8gle que l&rsquo;Assembl\u00e9e g\u00e9n\u00e9rale annuelle de l&rsquo;organisme se tiendra ce mercredi 5 juin 2024 \u00e0 19h :<\/p>\n<p>&nbsp;<\/p>\n<p style=\"text-align: center;\"><strong>Maison Magella-Paradis<\/strong><\/p>\n<p style=\"text-align: center;\"><strong>7970, rue du Trait-Carr\u00e9 Est<\/strong><\/p>\n<p style=\"text-align: center;\"><strong>Qu\u00e9bec, Qu\u00e9bec G1H 2Z2<\/strong><\/p>\n<p>&nbsp;<\/p>\n<p>C\u2019est l\u2019occasion de prendre connaissance des affaires de la Soci\u00e9t\u00e9, de ses activit\u00e9s et projets ainsi que de se prononcer sur les enjeux et projets.<\/p>\n<p>&nbsp;<\/p>\n<p>Cette ann\u00e9e elle sera pr\u00e9c\u00e9d\u00e9e d\u2019une assembl\u00e9e g\u00e9n\u00e9rale sp\u00e9ciale d\u2019une dur\u00e9e estim\u00e9e \u00e0 20 minutes d\u00e9butant \u00e0 19h o\u00f9 sera demand\u00e9 un amendement \u00e0 un article des r\u00e8glements g\u00e9n\u00e9raux de la Soci\u00e9t\u00e9 traitant de la gestion des biens de la Soci\u00e9t\u00e9 et qui sera soumis au vote de l\u2019assembl\u00e9e.<\/p>\n<p>&nbsp;<\/p>\n<p>Bienvenue \u00e0 tous!<\/p>\n<p>________________________________________________________<\/p>\n<p>&nbsp;<\/p>\n<p style=\"text-align: center;\"><strong>Recherche de participants aux activit\u00e9s estivales de la Soci\u00e9t\u00e9.<\/strong><\/p>\n<p>&nbsp;<\/p>\n<p>La Soci\u00e9t\u00e9 artistique de Charlesbourg, cherche de nouveaux participants pour se joindre \u00e0 son \u00ab\u00e9quipe d\u2019\u00e9poque\u00bb lors de trois activit\u00e9s li\u00e9es aux F\u00eates de la Nouvelle-France :<\/p>\n<p>&nbsp;<\/p>\n<p>&#8211; \u00a0 \u00a0 \u00a0 Lors de ces trois activit\u00e9s, les artistes sont tenus de peindre devant public et de porter un costume d\u2019\u00e9poque. Il n\u2019est pas obligatoire d\u2019\u00eatre pr\u00e9sents pour les six jours.<\/p>\n<p>&nbsp;<\/p>\n<p>Deux activit\u00e9s se d\u00e9roulent sur les terrains de la Soci\u00e9t\u00e9, \u00e0 la Galerie d\u2019art Magella-Paradis et la Galerie d\u2019art du Trait-Carr\u00e9<\/p>\n<p>&nbsp;<\/p>\n<p>&#8211; \u00a0 \u00a0 \u00a0 Dates : 7 et 21 juillet, \u00ab Visiteurs d\u2019une autre \u00e9poque \u00bb<\/p>\n<p>&nbsp;<\/p>\n<p>La troisi\u00e8me activit\u00e9 est la pr\u00e9sence aux F\u00eates de la Nouvelle-France, au mois d\u2019ao\u00fbt<\/p>\n<p>&nbsp;<\/p>\n<p>&#8211; \u00a0 \u00a0 \u00a0 Dates : 1er au 4 ao\u00fbt, les participants de la SAC seront install\u00e9s au Parc de l\u2019Esplanade, face \u00e0 la Fontaine de Tourny.<\/p>\n<p>&nbsp;<\/p>\n<p>Costume : Si vous n\u2019en poss\u00e9dez pas, les F\u00eates de la Nouvelle-France louent des costumes dont la Soci\u00e9t\u00e9 assumera le co\u00fbt. il faudra nous en informer \u00e0 l\u2019avance . Ce sont des costumes de style paysan.<\/p>\n<p>&nbsp;<\/p>\n<p>Vous \u00eates int\u00e9ress\u00e9s, contactez Diane Leclerc, au <a tabindex=\"-1\" href=\"mailto:dilecler@oricom.ca\">dilecler@oricom.ca<\/a> ou au 418-953-8009<\/p>\n<p>&nbsp;<\/p>\n<p>Au plaisir de vous accueillir au sein de notre \u00e9quipe \u00ab d\u2019\u00e9poque \u00bb.<\/p>\n<p>&nbsp;<\/p>\n<p>Diane Leclerc<\/p>\n","protected":false},"excerpt":{"rendered":"<p>Rappel pour l\u2019Assembl\u00e9e g\u00e9n\u00e9rale annuelle de la Soci\u00e9t\u00e9 artistique de Charlesbourg 5 juin 2024 &nbsp; Le Conseil d\u2019administration de la Soci\u00e9t\u00e9 artistique de Charlesbourg rappelle \u00e0 ses membres en r\u00e8gle que l&rsquo;Assembl\u00e9e g\u00e9n\u00e9rale annuelle de l&rsquo;organisme se tiendra ce mercredi 5 juin 2024 \u00e0 19h : &nbsp; Maison Magella-Paradis 7970, rue du Trait-Carr\u00e9 Est Qu\u00e9bec,&hellip;<\/p>\n","protected":false},"author":2,"featured_media":0,"comment_status":"closed","ping_status":"closed","sticky":false,"template":"","format":"standard","meta":{"footnotes":""},"categories":[1],"tags":[],"class_list":["post-832","post","type-post","status-publish","format-standard","hentry","category-communique","category-1","description-off"],"_links":{"self":[{"href":"https:\/\/www.societeartistiquedecharlesbourg.com\/index.php?rest_route=\/wp\/v2\/posts\/832","targetHints":{"allow":["GET"]}}],"collection":[{"href":"https:\/\/www.societeartistiquedecharlesbourg.com\/index.php?rest_route=\/wp\/v2\/posts"}],"about":[{"href":"https:\/\/www.societeartistiquedecharlesbourg.com\/index.php?rest_route=\/wp\/v2\/types\/post"}],"author":[{"embeddable":true,"href":"https:\/\/www.societeartistiquedecharlesbourg.com\/index.php?rest_route=\/wp\/v2\/users\/2"}],"replies":[{"embeddable":true,"href":"https:\/\/www.societeartistiquedecharlesbourg.com\/index.php?rest_route=%2Fwp%2Fv2%2Fcomments&post=832"}],"version-history":[{"count":1,"href":"https:\/\/www.societeartistiquedecharlesbourg.com\/index.php?rest_route=\/wp\/v2\/posts\/832\/revisions"}],"predecessor-version":[{"id":833,"href":"https:\/\/www.societeartistiquedecharlesbourg.com\/index.php?rest_route=\/wp\/v2\/posts\/832\/revisions\/833"}],"wp:attachment":[{"href":"https:\/\/www.societeartistiquedecharlesbourg.com\/index.php?rest_route=%2Fwp%2Fv2%2Fmedia&parent=832"}],"wp:term":[{"taxonomy":"category","embeddable":true,"href":"https:\/\/www.societeartistiquedecharlesbourg.com\/index.php?rest_route=%2Fwp%2Fv2%2Fcategories&post=832"},{"taxonomy":"post_tag","embeddable":true,"href":"https:\/\/www.societeartistiquedecharlesbourg.com\/index.php?rest_route=%2Fwp%2Fv2%2Ftags&post=832"}],"curies":[{"name":"wp","href":"https:\/\/api.w.org\/{rel}","templated":true}]}}