{"id":730,"date":"2022-08-08T15:03:14","date_gmt":"2022-08-08T20:03:14","guid":{"rendered":"http:\/\/www.societeartistiquedecharlesbourg.com\/?p=730"},"modified":"2022-08-08T15:03:14","modified_gmt":"2022-08-08T20:03:14","slug":"nos-expositions-se-poursuivent-jusquau-14-aout-2022","status":"publish","type":"post","link":"https:\/\/www.societeartistiquedecharlesbourg.com\/?p=730","title":{"rendered":"Nos expositions se poursuivent jusqu&rsquo;au 14 ao\u00fbt 2022"},"content":{"rendered":"<div class=\"kvgmc6g5 cxmmr5t8 oygrvhab hcukyx3x c1et5uql ii04i59q\">\n<div dir=\"auto\">Les expositions actuellement en cours dans nos deux maisons se poursuivent jusqu&rsquo;au 14 ao\u00fbt 2022 inclusivement.<\/div>\n<div dir=\"auto\"><\/div>\n<div dir=\"auto\">C&rsquo;est donc la derni\u00e8re semaine pour voir ou revoir l&rsquo;exposition \u00ab\u00a0Horizons lumineux\u00a0\u00bb des membres de la Soci\u00e9t\u00e9 artistique de Charlesbourg se poursuit \u00e9galement tel que pr\u00e9vu jusqu&rsquo;au 14 ao\u00fbt 2022 \u00e0 la Galerie d&rsquo;Art Magella-Paradis, 7970, rue du Trait-Carr\u00e9 Est, Qu\u00e9bec.<\/div>\n<div dir=\"auto\"><\/div>\n<div dir=\"auto\">Quant \u00e0 l&rsquo;exposition \u00ab\u00a0Le temps&#8230; de regarder\u00a0\u00bb de la photographe Mich\u00e8le de Tremmerie actuellement en cours \u00e0 la Galerie d&rsquo;Art du Trait-Carr\u00e9, 7985, rue du Trait-Carr\u00e9 Est, Qu\u00e9bec, elle a \u00e9t\u00e9 prolong\u00e9e jusqu&rsquo;au 14 ao\u00fbt 2022 inclusivement.<\/div>\n<\/div>\n<div class=\"cxmmr5t8 oygrvhab hcukyx3x c1et5uql o9v6fnle ii04i59q\">\n<div dir=\"auto\"><\/div>\n<div dir=\"auto\">On rappelle que les heures d&rsquo;ouverture sont de 10h \u00e0 17h du mercredi au dimanche dans les deux galeries.<\/div>\n<div dir=\"auto\"><\/div>\n<\/div>\n<div class=\"cxmmr5t8 oygrvhab hcukyx3x c1et5uql o9v6fnle ii04i59q\">\n<div dir=\"auto\">Bienvenue \u00e0 tous!<\/div>\n<\/div>\n","protected":false},"excerpt":{"rendered":"<p>Les expositions actuellement en cours dans nos deux maisons se poursuivent jusqu&rsquo;au 14 ao\u00fbt 2022 inclusivement. C&rsquo;est donc la derni\u00e8re semaine pour voir ou revoir l&rsquo;exposition \u00ab\u00a0Horizons lumineux\u00a0\u00bb des membres de la Soci\u00e9t\u00e9 artistique de Charlesbourg se poursuit \u00e9galement tel que pr\u00e9vu jusqu&rsquo;au 14 ao\u00fbt 2022 \u00e0 la Galerie d&rsquo;Art Magella-Paradis, 7970, rue du Trait-Carr\u00e9&hellip;<\/p>\n","protected":false},"author":2,"featured_media":0,"comment_status":"closed","ping_status":"closed","sticky":false,"template":"","format":"standard","meta":{"footnotes":""},"categories":[1],"tags":[],"class_list":["post-730","post","type-post","status-publish","format-standard","hentry","category-communique","category-1","description-off"],"_links":{"self":[{"href":"https:\/\/www.societeartistiquedecharlesbourg.com\/index.php?rest_route=\/wp\/v2\/posts\/730","targetHints":{"allow":["GET"]}}],"collection":[{"href":"https:\/\/www.societeartistiquedecharlesbourg.com\/index.php?rest_route=\/wp\/v2\/posts"}],"about":[{"href":"https:\/\/www.societeartistiquedecharlesbourg.com\/index.php?rest_route=\/wp\/v2\/types\/post"}],"author":[{"embeddable":true,"href":"https:\/\/www.societeartistiquedecharlesbourg.com\/index.php?rest_route=\/wp\/v2\/users\/2"}],"replies":[{"embeddable":true,"href":"https:\/\/www.societeartistiquedecharlesbourg.com\/index.php?rest_route=%2Fwp%2Fv2%2Fcomments&post=730"}],"version-history":[{"count":1,"href":"https:\/\/www.societeartistiquedecharlesbourg.com\/index.php?rest_route=\/wp\/v2\/posts\/730\/revisions"}],"predecessor-version":[{"id":731,"href":"https:\/\/www.societeartistiquedecharlesbourg.com\/index.php?rest_route=\/wp\/v2\/posts\/730\/revisions\/731"}],"wp:attachment":[{"href":"https:\/\/www.societeartistiquedecharlesbourg.com\/index.php?rest_route=%2Fwp%2Fv2%2Fmedia&parent=730"}],"wp:term":[{"taxonomy":"category","embeddable":true,"href":"https:\/\/www.societeartistiquedecharlesbourg.com\/index.php?rest_route=%2Fwp%2Fv2%2Fcategories&post=730"},{"taxonomy":"post_tag","embeddable":true,"href":"https:\/\/www.societeartistiquedecharlesbourg.com\/index.php?rest_route=%2Fwp%2Fv2%2Ftags&post=730"}],"curies":[{"name":"wp","href":"https:\/\/api.w.org\/{rel}","templated":true}]}}