{"id":901,"date":"2025-04-25T10:45:13","date_gmt":"2025-04-25T15:45:13","guid":{"rendered":"http:\/\/www.societeartistiquedecharlesbourg.com\/?p=901"},"modified":"2025-04-25T10:45:13","modified_gmt":"2025-04-25T15:45:13","slug":"invitations-aux-membres-pour-le-collectif-dete-2025-et-mini-symposium-du-24-juin-2025","status":"publish","type":"post","link":"http:\/\/www.societeartistiquedecharlesbourg.com\/?p=901","title":{"rendered":"Invitations aux membres pour le collectif d&rsquo;\u00e9t\u00e9 2025 et mini-symposium du 24 juin 2025"},"content":{"rendered":"<p>Le printemps est maintenant bien amorc\u00e9 et il est temps de penser \u00e0 nos activit\u00e9s de l&rsquo;\u00e9t\u00e9.<\/p>\n<p>Ainsi c&rsquo;est le moment de s&rsquo;inscrire pour le l&rsquo;exposition collective des membres pour la saison d&rsquo;\u00e9t\u00e9 \u00e0 Magella-Paradis, exposition qui sera sous le th\u00e8me de \u00ab\u00a0H\u00e9ritage\u00a0\u00bb.<\/p>\n<p>De m\u00eame, dans le cadre des festivit\u00e9s de la St-Jean-Baptiste qui co\u00efncide avec l&rsquo;ouverture officielle de nos expositions d&rsquo;\u00e9t\u00e9, les membres sont convi\u00e9s \u00e0 un mini-symposium sur les terrains de nos deux maisons.<\/p>\n<p>Tous les d\u00e9tails sur les modalit\u00e9s de participations au collectif et au mini-symposium sont indiqu\u00e9s dans le document \u00ab\u00a0Invitations \u00e9t\u00e9 2025\u00a0\u00bb ci-joint:<\/p>\n<p><a href=\"http:\/\/www.societeartistiquedecharlesbourg.com\/sac\/wp-content\/uploads\/2025\/04\/Invitations-ete-2025.pdf\">Invitations \u00e9t\u00e9 2025<\/a><\/p>\n<p>On vous attend!<\/p>\n","protected":false},"excerpt":{"rendered":"<p>Le printemps est maintenant bien amorc\u00e9 et il est temps de penser \u00e0 nos activit\u00e9s de l&rsquo;\u00e9t\u00e9. Ainsi c&rsquo;est le moment de s&rsquo;inscrire pour le l&rsquo;exposition collective des membres pour la saison d&rsquo;\u00e9t\u00e9 \u00e0 Magella-Paradis, exposition qui sera sous le th\u00e8me de \u00ab\u00a0H\u00e9ritage\u00a0\u00bb. De m\u00eame, dans le cadre des festivit\u00e9s de la St-Jean-Baptiste qui co\u00efncide&hellip;<\/p>\n","protected":false},"author":2,"featured_media":0,"comment_status":"closed","ping_status":"closed","sticky":false,"template":"","format":"standard","meta":{"footnotes":""},"categories":[1],"tags":[],"class_list":["post-901","post","type-post","status-publish","format-standard","hentry","category-communique","category-1","description-off"],"_links":{"self":[{"href":"http:\/\/www.societeartistiquedecharlesbourg.com\/index.php?rest_route=\/wp\/v2\/posts\/901","targetHints":{"allow":["GET"]}}],"collection":[{"href":"http:\/\/www.societeartistiquedecharlesbourg.com\/index.php?rest_route=\/wp\/v2\/posts"}],"about":[{"href":"http:\/\/www.societeartistiquedecharlesbourg.com\/index.php?rest_route=\/wp\/v2\/types\/post"}],"author":[{"embeddable":true,"href":"http:\/\/www.societeartistiquedecharlesbourg.com\/index.php?rest_route=\/wp\/v2\/users\/2"}],"replies":[{"embeddable":true,"href":"http:\/\/www.societeartistiquedecharlesbourg.com\/index.php?rest_route=%2Fwp%2Fv2%2Fcomments&post=901"}],"version-history":[{"count":1,"href":"http:\/\/www.societeartistiquedecharlesbourg.com\/index.php?rest_route=\/wp\/v2\/posts\/901\/revisions"}],"predecessor-version":[{"id":903,"href":"http:\/\/www.societeartistiquedecharlesbourg.com\/index.php?rest_route=\/wp\/v2\/posts\/901\/revisions\/903"}],"wp:attachment":[{"href":"http:\/\/www.societeartistiquedecharlesbourg.com\/index.php?rest_route=%2Fwp%2Fv2%2Fmedia&parent=901"}],"wp:term":[{"taxonomy":"category","embeddable":true,"href":"http:\/\/www.societeartistiquedecharlesbourg.com\/index.php?rest_route=%2Fwp%2Fv2%2Fcategories&post=901"},{"taxonomy":"post_tag","embeddable":true,"href":"http:\/\/www.societeartistiquedecharlesbourg.com\/index.php?rest_route=%2Fwp%2Fv2%2Ftags&post=901"}],"curies":[{"name":"wp","href":"https:\/\/api.w.org\/{rel}","templated":true}]}}