{"id":800,"date":"2023-11-23T13:02:40","date_gmt":"2023-11-23T18:02:40","guid":{"rendered":"https:\/\/www.societeartistiquedecharlesbourg.com\/?p=800"},"modified":"2023-11-23T13:02:40","modified_gmt":"2023-11-23T18:02:40","slug":"deux-nouvelles-expositions-a-compter-du-1er-decembre-dans-nos-galeries","status":"publish","type":"post","link":"http:\/\/www.societeartistiquedecharlesbourg.com\/?p=800","title":{"rendered":"Deux nouvelles expositions \u00e0 compter du 1er d\u00e9cembre dans nos galeries"},"content":{"rendered":"<p>La Soci\u00e9t\u00e9 artistique de Charlesbourg pr\u00e9sentera deux nouvelles expositions dans ses galeries \u00e0 compter du 1er d\u00e9cembre jusqu&rsquo;au 17 d\u00e9cembre inclusivement.<\/p>\n<p><strong>Galerie D&rsquo;art du Trait-Carr\u00e9<\/strong><\/p>\n<p>A la Galerie d&rsquo;art du Trait-Carr\u00e9, l&rsquo;artiste Michel-Edward Gagnon pr\u00e9sentera son exposition intitul\u00e9e \u00ab\u00a0GAGNON S&rsquo;EXPOSE\u00a0\u00bb au cours de laquelle il proposera 25 oeuvres par lesquelles, l&rsquo;artiste prend plaisir \u00e0\u00a0nous faire voyager dans les souvenirs de nos hivers. Il nous prom\u00e8ne au pays des lumi\u00e8res de Charlevoix, dans le vent et la bourrasque, du soleil levant au soleil qui endort le pays. L\u2019octog\u00e9naire nous permet d\u2019admirer l\u2019intangible qui se cache derri\u00e8re ses toiles en recr\u00e9ant l\u2019instant pr\u00e9cieux du souvenir, devenu instant pr\u00e9sent.<\/p>\n<p>Il en t\u00e9moigne en affirmant :<\/p>\n<p>\u00ab\u00a0J\u2019exprime les couleurs de mes hivers, les myst\u00e8res de mes paysages aim\u00e9s. Je m\u2019int\u00e9resse aux matins poudreux. Ma joie \u00e9clate sur la toile quand je vous livre mes cieux azur\u00e9s. Dans ces moments de gr\u00e2ce, je recr\u00e9e les instants de mes souvenirs renouvel\u00e9s.\u00a0La peinture, ma derni\u00e8re saison, vous offre l\u2019audace de mes amours. \u00bb<\/p>\n<p>Michel-\u00c9douard Gagnon sait capturer le temps. L\u2019\u00e2me de nos hivers se penche maintenant sur son g\u00e9n\u00e9reux leg artistique.<\/p>\n<p>On pourra rencontrer l&rsquo;artiste toues les samedis et dimanches du 2 au 17 d\u00e9cembre 2023.<\/p>\n<p>Le vernissage se d\u00e9roulera vendredi le 1<sup>er<\/sup> d\u00e9cembre, entre 17h et 21h.<\/p>\n<p>&nbsp;<\/p>\n<p><strong>Galerie D&rsquo;art Magella-Paradis<\/strong><\/p>\n<p>Du 1<sup>er<\/sup> d\u00e9cembre au 17 d\u00e9cembre 2023, la Galerie d\u2019art Magella-Paradis met \u00e0 l\u2019affiche l\u2019exposition <em>\u00ab L\u2019hiver est l\u00e0! \u00bb<\/em>, collectif regroupant une trentaine d\u2019artistes membres de la Soci\u00e9t\u00e9 artistique de Charlesbourg.<\/p>\n<p>Comme \u00e0 chaque ann\u00e9e en d\u00e9cembre, l\u2019exposition pr\u00e9sent\u00e9e en d\u00e9cembre \u00e0 la Galerie d\u2019art Magella-Paradis, permet aux artistes de la Soci\u00e9t\u00e9, par leurs diff\u00e9rentes interpr\u00e9tations, de mettre en valeur notre hiver!<\/p>\n<p>Venez d\u00e9couvrir \u00e0 compter du 1er d\u00e9cembre, de 19h \u00e0 21h et les samedis et dimanches, de 13h \u00e0 17h, jusqu\u2019au 17 d\u00e9cembre inclusivement un grand nombre d\u2019oeuvres de tous les formats des artistes de la Soci\u00e9t\u00e9 \u00e0 la Galerie situ\u00e9e au 7970, Trait-Carr\u00e9 Est, Arrondissement de Charlesbourg.<\/p>\n<p>Nous vous accueillerons pour le vernissage le 1er d\u00e9cembre de 19h \u00e0 21h.<\/p>\n<p>&nbsp;<\/p>\n<p><strong>Bienvenue \u00e0 toutes et tous !<\/strong><\/p>\n","protected":false},"excerpt":{"rendered":"<p>La Soci\u00e9t\u00e9 artistique de Charlesbourg pr\u00e9sentera deux nouvelles expositions dans ses galeries \u00e0 compter du 1er d\u00e9cembre jusqu&rsquo;au 17 d\u00e9cembre inclusivement. Galerie D&rsquo;art du Trait-Carr\u00e9 A la Galerie d&rsquo;art du Trait-Carr\u00e9, l&rsquo;artiste Michel-Edward Gagnon pr\u00e9sentera son exposition intitul\u00e9e \u00ab\u00a0GAGNON S&rsquo;EXPOSE\u00a0\u00bb au cours de laquelle il proposera 25 oeuvres par lesquelles, l&rsquo;artiste prend plaisir \u00e0\u00a0nous faire&hellip;<\/p>\n","protected":false},"author":2,"featured_media":0,"comment_status":"closed","ping_status":"closed","sticky":false,"template":"","format":"standard","meta":{"footnotes":""},"categories":[1],"tags":[],"class_list":["post-800","post","type-post","status-publish","format-standard","hentry","category-communique","category-1","description-off"],"_links":{"self":[{"href":"http:\/\/www.societeartistiquedecharlesbourg.com\/index.php?rest_route=\/wp\/v2\/posts\/800","targetHints":{"allow":["GET"]}}],"collection":[{"href":"http:\/\/www.societeartistiquedecharlesbourg.com\/index.php?rest_route=\/wp\/v2\/posts"}],"about":[{"href":"http:\/\/www.societeartistiquedecharlesbourg.com\/index.php?rest_route=\/wp\/v2\/types\/post"}],"author":[{"embeddable":true,"href":"http:\/\/www.societeartistiquedecharlesbourg.com\/index.php?rest_route=\/wp\/v2\/users\/2"}],"replies":[{"embeddable":true,"href":"http:\/\/www.societeartistiquedecharlesbourg.com\/index.php?rest_route=%2Fwp%2Fv2%2Fcomments&post=800"}],"version-history":[{"count":1,"href":"http:\/\/www.societeartistiquedecharlesbourg.com\/index.php?rest_route=\/wp\/v2\/posts\/800\/revisions"}],"predecessor-version":[{"id":801,"href":"http:\/\/www.societeartistiquedecharlesbourg.com\/index.php?rest_route=\/wp\/v2\/posts\/800\/revisions\/801"}],"wp:attachment":[{"href":"http:\/\/www.societeartistiquedecharlesbourg.com\/index.php?rest_route=%2Fwp%2Fv2%2Fmedia&parent=800"}],"wp:term":[{"taxonomy":"category","embeddable":true,"href":"http:\/\/www.societeartistiquedecharlesbourg.com\/index.php?rest_route=%2Fwp%2Fv2%2Fcategories&post=800"},{"taxonomy":"post_tag","embeddable":true,"href":"http:\/\/www.societeartistiquedecharlesbourg.com\/index.php?rest_route=%2Fwp%2Fv2%2Ftags&post=800"}],"curies":[{"name":"wp","href":"https:\/\/api.w.org\/{rel}","templated":true}]}}