{"id":754,"date":"2022-11-29T17:56:29","date_gmt":"2022-11-29T22:56:29","guid":{"rendered":"http:\/\/www.societeartistiquedecharlesbourg.com\/?p=754"},"modified":"2022-11-29T17:56:29","modified_gmt":"2022-11-29T22:56:29","slug":"exposition-la-nature-et-moi-de-lartiste-chantale-guy","status":"publish","type":"post","link":"http:\/\/www.societeartistiquedecharlesbourg.com\/?p=754","title":{"rendered":"Exposition \u00ab La nature et moi \u00bb, de l\u2019artiste Chantale Guy"},"content":{"rendered":"<p>&nbsp;<\/p>\n<p>Qu\u00e9bec, le 22 novembre 2022 &#8211; <strong>Du 2 au 18 d\u00e9cembre<\/strong>, la Galerie d\u2019art Magella-Paradis met \u00e0 l\u2019affiche l\u2019exposition <em>\u00ab La nature et moi \u00bb<\/em>, de l\u2019artiste Chantale Guy, qui signe Chaguy.<\/p>\n<p>&nbsp;<\/p>\n<p><strong><em>\u00ab La nature et moi \u00bb<\/em><\/strong><\/p>\n<p>L\u2019exposition pr\u00e9sente plus de 25 \u0153uvres dont la nature, la vie animale et l\u2019\u00eatre humain sont les sujets de pr\u00e9dilection. Pour l\u2019artiste ayant grandi \u00e0 la campagne, l\u2019environnement est un sujet tr\u00e8s important. De nature optimiste, l\u2019artiste le transpose dans son travail. \u00ab J\u2019ose croire que je suis une artiste qui cr\u00e9e dans le bonheur. \u00bb<\/p>\n<p>&nbsp;<\/p>\n<p><strong>L\u2019artiste<\/strong><\/p>\n<p>N\u00e9e \u00e0 Roberval, Chantale Guy fait carri\u00e8re au gouvernement et parall\u00e8lement \u00e0 sa carri\u00e8re, elle peint. En 1995, elle d\u00e9bute cette passion qui, au fur et \u00e0 mesure, prendra de plus en plus de place dans sa vie. Apr\u00e8s un DEC en arts et lettres au C\u00e9gep de Saint-F\u00e9licien, elle fait son premier symposium de peinture dans cette ville. En 2006 et en 2009, elle suit des ateliers de d\u00e9veloppement et de perfectionnement. Elle enseigne \u00e9galement la peinture.<\/p>\n<p>Venez rencontrer l\u2019artiste et d\u00e9couvrir ses \u0153uvres, les samedis et dimanches, du 3 au 18 d\u00e9cembre, de 13h \u00e0 17h, \u00e0 la Galerie situ\u00e9e au 7970, le Trait-Carr\u00e9 Est, de l\u2019Arrondissement de Charlesbourg.<\/p>\n<p><strong>Le vernissage se d\u00e9roulera vendredi le 2 d\u00e9cembre, entre 19h et 21h.<\/strong><\/p>\n<p>Bienvenue \u00e0 tous et toutes !<\/p>\n<p>&nbsp;<\/p>\n<p>Pour information\u00a0: 418-624-7961, 418-623-1877.<\/p>\n<p>&nbsp;<\/p>\n","protected":false},"excerpt":{"rendered":"<p>&nbsp; Qu\u00e9bec, le 22 novembre 2022 &#8211; Du 2 au 18 d\u00e9cembre, la Galerie d\u2019art Magella-Paradis met \u00e0 l\u2019affiche l\u2019exposition \u00ab La nature et moi \u00bb, de l\u2019artiste Chantale Guy, qui signe Chaguy. &nbsp; \u00ab La nature et moi \u00bb L\u2019exposition pr\u00e9sente plus de 25 \u0153uvres dont la nature, la vie animale et l\u2019\u00eatre humain&hellip;<\/p>\n","protected":false},"author":2,"featured_media":0,"comment_status":"closed","ping_status":"closed","sticky":false,"template":"","format":"standard","meta":{"footnotes":""},"categories":[1],"tags":[],"class_list":["post-754","post","type-post","status-publish","format-standard","hentry","category-communique","category-1","description-off"],"_links":{"self":[{"href":"http:\/\/www.societeartistiquedecharlesbourg.com\/index.php?rest_route=\/wp\/v2\/posts\/754","targetHints":{"allow":["GET"]}}],"collection":[{"href":"http:\/\/www.societeartistiquedecharlesbourg.com\/index.php?rest_route=\/wp\/v2\/posts"}],"about":[{"href":"http:\/\/www.societeartistiquedecharlesbourg.com\/index.php?rest_route=\/wp\/v2\/types\/post"}],"author":[{"embeddable":true,"href":"http:\/\/www.societeartistiquedecharlesbourg.com\/index.php?rest_route=\/wp\/v2\/users\/2"}],"replies":[{"embeddable":true,"href":"http:\/\/www.societeartistiquedecharlesbourg.com\/index.php?rest_route=%2Fwp%2Fv2%2Fcomments&post=754"}],"version-history":[{"count":1,"href":"http:\/\/www.societeartistiquedecharlesbourg.com\/index.php?rest_route=\/wp\/v2\/posts\/754\/revisions"}],"predecessor-version":[{"id":755,"href":"http:\/\/www.societeartistiquedecharlesbourg.com\/index.php?rest_route=\/wp\/v2\/posts\/754\/revisions\/755"}],"wp:attachment":[{"href":"http:\/\/www.societeartistiquedecharlesbourg.com\/index.php?rest_route=%2Fwp%2Fv2%2Fmedia&parent=754"}],"wp:term":[{"taxonomy":"category","embeddable":true,"href":"http:\/\/www.societeartistiquedecharlesbourg.com\/index.php?rest_route=%2Fwp%2Fv2%2Fcategories&post=754"},{"taxonomy":"post_tag","embeddable":true,"href":"http:\/\/www.societeartistiquedecharlesbourg.com\/index.php?rest_route=%2Fwp%2Fv2%2Ftags&post=754"}],"curies":[{"name":"wp","href":"https:\/\/api.w.org\/{rel}","templated":true}]}}