{"id":752,"date":"2022-11-29T17:53:14","date_gmt":"2022-11-29T22:53:14","guid":{"rendered":"http:\/\/www.societeartistiquedecharlesbourg.com\/?p=752"},"modified":"2022-11-29T17:53:14","modified_gmt":"2022-11-29T22:53:14","slug":"exposition-collective-du-temps-des-fetes","status":"publish","type":"post","link":"http:\/\/www.societeartistiquedecharlesbourg.com\/?p=752","title":{"rendered":"Exposition collective du Temps des F\u00eates"},"content":{"rendered":"<p><strong>COLLECTIF <em>\u00ab NEIGE \u00bb<\/em> \u00c0 LA GALERIE D\u2019ART du TRAIT-CARR\u00c9<\/strong><\/p>\n<p>&nbsp;<\/p>\n<p>(Qu\u00e9bec, le 23 novembre 2022): Du 2 d\u00e9cembre au 18 d\u00e9cembre 2022, la Galerie d\u2019art du Trait-Carr\u00e9 met \u00e0 l\u2019affiche l\u2019exposition <em>\u00ab Neige \u00bb<\/em>, collectif regroupant plus de 20 artistes membres de la Soci\u00e9t\u00e9 artistique de Charlesbourg.<\/p>\n<p>&nbsp;<\/p>\n<p>Comme \u00e0 chaque ann\u00e9e, l\u2019exposition pr\u00e9sent\u00e9e au cours de l\u2019hiver \u00e0 la Galerie d\u2019art Trait-Carr\u00e9 permet aux membres de faire valoir leurs cr\u00e9ations destin\u00e9es \u00e0 c\u00e9l\u00e9brer l\u2019hiver. Venez d\u00e9couvrir les diff\u00e9rentes interpr\u00e9tations que nos artistes font de notre hiver!<\/p>\n<p>&nbsp;<\/p>\n<p>On pourra d\u00e9couvrir les \u0153uvres des artistes de la Soci\u00e9t\u00e9, le 2 d\u00e9cembre de 19h \u00e0 21h. <em>\u00a0<\/em>Et les samedis et dimanches, de 13h \u00e0 17h, \u00e0 la Galerie situ\u00e9e au 7985, le Trait-Carr\u00e9 Est, de l\u2019Arrondissement de Charlesbourg. <strong>Nous vous accueillerons pour le vernissage le 3 d\u00e9cembre de 14h \u00e0 17h.<\/strong><\/p>\n<p><strong>\u00a0<\/strong><\/p>\n<p><strong>Bienvenue \u00e0 tous et toutes !<\/strong><\/p>\n<p>Pour information : 418-623-1877 ou <a href=\"mailto:info@societeartistiquedecharlesbourg.com\">info@societeartistiquedecharlesbourg.com<\/a><\/p>\n<p>&nbsp;<\/p>\n","protected":false},"excerpt":{"rendered":"<p>COLLECTIF \u00ab NEIGE \u00bb \u00c0 LA GALERIE D\u2019ART du TRAIT-CARR\u00c9 &nbsp; (Qu\u00e9bec, le 23 novembre 2022): Du 2 d\u00e9cembre au 18 d\u00e9cembre 2022, la Galerie d\u2019art du Trait-Carr\u00e9 met \u00e0 l\u2019affiche l\u2019exposition \u00ab Neige \u00bb, collectif regroupant plus de 20 artistes membres de la Soci\u00e9t\u00e9 artistique de Charlesbourg. &nbsp; Comme \u00e0 chaque ann\u00e9e, l\u2019exposition pr\u00e9sent\u00e9e&hellip;<\/p>\n","protected":false},"author":2,"featured_media":0,"comment_status":"closed","ping_status":"closed","sticky":false,"template":"","format":"standard","meta":{"footnotes":""},"categories":[1],"tags":[],"class_list":["post-752","post","type-post","status-publish","format-standard","hentry","category-communique","category-1","description-off"],"_links":{"self":[{"href":"http:\/\/www.societeartistiquedecharlesbourg.com\/index.php?rest_route=\/wp\/v2\/posts\/752","targetHints":{"allow":["GET"]}}],"collection":[{"href":"http:\/\/www.societeartistiquedecharlesbourg.com\/index.php?rest_route=\/wp\/v2\/posts"}],"about":[{"href":"http:\/\/www.societeartistiquedecharlesbourg.com\/index.php?rest_route=\/wp\/v2\/types\/post"}],"author":[{"embeddable":true,"href":"http:\/\/www.societeartistiquedecharlesbourg.com\/index.php?rest_route=\/wp\/v2\/users\/2"}],"replies":[{"embeddable":true,"href":"http:\/\/www.societeartistiquedecharlesbourg.com\/index.php?rest_route=%2Fwp%2Fv2%2Fcomments&post=752"}],"version-history":[{"count":1,"href":"http:\/\/www.societeartistiquedecharlesbourg.com\/index.php?rest_route=\/wp\/v2\/posts\/752\/revisions"}],"predecessor-version":[{"id":753,"href":"http:\/\/www.societeartistiquedecharlesbourg.com\/index.php?rest_route=\/wp\/v2\/posts\/752\/revisions\/753"}],"wp:attachment":[{"href":"http:\/\/www.societeartistiquedecharlesbourg.com\/index.php?rest_route=%2Fwp%2Fv2%2Fmedia&parent=752"}],"wp:term":[{"taxonomy":"category","embeddable":true,"href":"http:\/\/www.societeartistiquedecharlesbourg.com\/index.php?rest_route=%2Fwp%2Fv2%2Fcategories&post=752"},{"taxonomy":"post_tag","embeddable":true,"href":"http:\/\/www.societeartistiquedecharlesbourg.com\/index.php?rest_route=%2Fwp%2Fv2%2Ftags&post=752"}],"curies":[{"name":"wp","href":"https:\/\/api.w.org\/{rel}","templated":true}]}}