{"id":463,"date":"2016-09-09T08:02:38","date_gmt":"2016-09-09T13:02:38","guid":{"rendered":"http:\/\/www.societeartistiquedecharlesbourg.com\/?p=463"},"modified":"2016-09-09T08:02:38","modified_gmt":"2016-09-09T13:02:38","slug":"les-racontarts-edition-daout-2016","status":"publish","type":"post","link":"http:\/\/www.societeartistiquedecharlesbourg.com\/?p=463","title":{"rendered":"Les Racont&rsquo;arts, \u00e9dition d&rsquo;Ao\u00fbt 2016"},"content":{"rendered":"<p><strong>L\u2019\u00e9dition d&rsquo;ao\u00fbt du Racont\u2019ARTS est maintenant disponible.<\/strong><\/p>\n<p>Pour tout savoir de la Soci\u00e9t\u00e9 artistique de Charlesbourg, c&rsquo;est dans les Racont&rsquo;arts que \u00e7a se passe!<\/p>\n<p>Bonne lecture.<\/p>\n<p>&nbsp;<\/p>\n<p><strong>&gt; <a href=\"http:\/\/www.societeartistiquedecharlesbourg.com\/?page_id=89\">Rendez-vous \u00e0 la page des Racont\u2019arts pour en faire la lecture.<\/a><\/strong><\/p>\n","protected":false},"excerpt":{"rendered":"<p>L\u2019\u00e9dition d&rsquo;ao\u00fbt du Racont\u2019ARTS est maintenant disponible. Pour tout savoir de la Soci\u00e9t\u00e9 artistique de Charlesbourg, c&rsquo;est dans les Racont&rsquo;arts que \u00e7a se passe! Bonne lecture. &nbsp; &gt; Rendez-vous \u00e0 la page des Racont\u2019arts pour en faire la lecture.<\/p>\n","protected":false},"author":1,"featured_media":0,"comment_status":"closed","ping_status":"closed","sticky":false,"template":"","format":"standard","meta":{"footnotes":""},"categories":[1],"tags":[],"class_list":["post-463","post","type-post","status-publish","format-standard","hentry","category-communique","category-1","description-off"],"_links":{"self":[{"href":"http:\/\/www.societeartistiquedecharlesbourg.com\/index.php?rest_route=\/wp\/v2\/posts\/463","targetHints":{"allow":["GET"]}}],"collection":[{"href":"http:\/\/www.societeartistiquedecharlesbourg.com\/index.php?rest_route=\/wp\/v2\/posts"}],"about":[{"href":"http:\/\/www.societeartistiquedecharlesbourg.com\/index.php?rest_route=\/wp\/v2\/types\/post"}],"author":[{"embeddable":true,"href":"http:\/\/www.societeartistiquedecharlesbourg.com\/index.php?rest_route=\/wp\/v2\/users\/1"}],"replies":[{"embeddable":true,"href":"http:\/\/www.societeartistiquedecharlesbourg.com\/index.php?rest_route=%2Fwp%2Fv2%2Fcomments&post=463"}],"version-history":[{"count":1,"href":"http:\/\/www.societeartistiquedecharlesbourg.com\/index.php?rest_route=\/wp\/v2\/posts\/463\/revisions"}],"predecessor-version":[{"id":464,"href":"http:\/\/www.societeartistiquedecharlesbourg.com\/index.php?rest_route=\/wp\/v2\/posts\/463\/revisions\/464"}],"wp:attachment":[{"href":"http:\/\/www.societeartistiquedecharlesbourg.com\/index.php?rest_route=%2Fwp%2Fv2%2Fmedia&parent=463"}],"wp:term":[{"taxonomy":"category","embeddable":true,"href":"http:\/\/www.societeartistiquedecharlesbourg.com\/index.php?rest_route=%2Fwp%2Fv2%2Fcategories&post=463"},{"taxonomy":"post_tag","embeddable":true,"href":"http:\/\/www.societeartistiquedecharlesbourg.com\/index.php?rest_route=%2Fwp%2Fv2%2Ftags&post=463"}],"curies":[{"name":"wp","href":"https:\/\/api.w.org\/{rel}","templated":true}]}}